{"id":1271,"date":"2014-11-05T11:56:44","date_gmt":"2014-11-05T11:56:44","guid":{"rendered":"http:\/\/macuicultura.webs.upv.es\/?p=1271"},"modified":"2014-11-05T11:56:44","modified_gmt":"2014-11-05T11:56:44","slug":"jornada-de-pesca-pesca-artesanal-acuicultura-y-cadena-alimentaria","status":"publish","type":"post","link":"https:\/\/macuicultura.webs.upv.es\/?p=1271","title":{"rendered":"JORNADA DE PESCA: Pesca artesanal, acuicultura y cadena alimentaria"},"content":{"rendered":"<p class=\"p1\">La C\u00e1tedra Tierra Ciudadana les recuerda que el pr\u00f3ximo s\u00e1bado tendr\u00e1<\/p>\n<p class=\"p1\">lugar la Jornada de Pesca donde hablaremos de Pesca artesanal,<\/p>\n<p class=\"p1\">acuicultura y cadena alimentaria.<\/p>\n<p class=\"p1\">\u00a0&#8211; D\u00cdA: s\u00e1bado 8 de noviembre de 2014<\/p>\n<p class=\"p1\">\u00a0&#8211; HORA: 10.00 horas<\/p>\n<p class=\"p1\">\u00a0&#8211; LUGAR: Universidad Polit\u00e9cnica de Valencia .Campus Gand\u00eda. Sala de<\/p>\n<p class=\"p1\">\u00a0\u00a0\u00a0Conferencias 1-4. Edificio G.<\/p>\n<p class=\"p1\">\u00a0&#8211; Transporte gratuito (previa inscripci\u00f3n)<\/p>\n<p class=\"p1\">\u00a0&#8211; SALIDA: Colegio Mayor Galileo Galilei<\/p>\n<p class=\"p1\">\u00a0&#8211; HORARIO SALIDA: 8.00 horas<\/p>\n<p class=\"p1\">\u00a0&#8211; HORARIO LLEGADA: 17.30 aproximadamente<\/p>\n<p class=\"p1\">\u00a0&#8211; Se adjunta programa de la sesi\u00f3n.<\/p>\n<p class=\"p1\">Las personas interesadas pueden confirmar su participaci\u00f3n hasta el<\/p>\n<p class=\"p1\">jueves 6 de noviembre a las 12:00 en el correo:<\/p>\n<p class=\"p3\"><span class=\"s1\"><a href=\"mailto:info.tierraciudadana@upvnet.upv.es\">info.tierraciudadana@upvnet.upv.es<\/a><\/span><\/p>\n","protected":false},"excerpt":{"rendered":"<p>La C\u00e1tedra Tierra Ciudadana les recuerda que el pr\u00f3ximo s\u00e1bado tendr\u00e1 lugar la Jornada de Pesca donde hablaremos de Pesca artesanal, acuicultura y cadena alimentaria. \u00a0&#8211; D\u00cdA: s\u00e1bado 8 de noviembre de 2014 \u00a0&#8211; HORA: 10.00 horas \u00a0&#8211; LUGAR: Universidad &hellip;<\/p>\n<p class=\"read-more\"> <a class=\"more-link\" href=\"https:\/\/macuicultura.webs.upv.es\/?p=1271\"> <span class=\"screen-reader-text\">JORNADA DE PESCA: Pesca artesanal, acuicultura y cadena alimentaria<\/span> Read More &raquo;<\/a><\/p>\n","protected":false},"author":1,"featured_media":0,"comment_status":"closed","ping_status":"closed","sticky":false,"template":"","format":"standard","meta":{"ngg_post_thumbnail":0,"footnotes":""},"categories":[8,7,5],"tags":[],"class_list":["post-1271","post","type-post","status-publish","format-standard","hentry","category-conferencias","category-excursiones","category-ultimas-noticias"],"_links":{"self":[{"href":"https:\/\/macuicultura.webs.upv.es\/index.php?rest_route=\/wp\/v2\/posts\/1271","targetHints":{"allow":["GET"]}}],"collection":[{"href":"https:\/\/macuicultura.webs.upv.es\/index.php?rest_route=\/wp\/v2\/posts"}],"about":[{"href":"https:\/\/macuicultura.webs.upv.es\/index.php?rest_route=\/wp\/v2\/types\/post"}],"author":[{"embeddable":true,"href":"https:\/\/macuicultura.webs.upv.es\/index.php?rest_route=\/wp\/v2\/users\/1"}],"replies":[{"embeddable":true,"href":"https:\/\/macuicultura.webs.upv.es\/index.php?rest_route=%2Fwp%2Fv2%2Fcomments&post=1271"}],"version-history":[{"count":1,"href":"https:\/\/macuicultura.webs.upv.es\/index.php?rest_route=\/wp\/v2\/posts\/1271\/revisions"}],"predecessor-version":[{"id":1272,"href":"https:\/\/macuicultura.webs.upv.es\/index.php?rest_route=\/wp\/v2\/posts\/1271\/revisions\/1272"}],"wp:attachment":[{"href":"https:\/\/macuicultura.webs.upv.es\/index.php?rest_route=%2Fwp%2Fv2%2Fmedia&parent=1271"}],"wp:term":[{"taxonomy":"category","embeddable":true,"href":"https:\/\/macuicultura.webs.upv.es\/index.php?rest_route=%2Fwp%2Fv2%2Fcategories&post=1271"},{"taxonomy":"post_tag","embeddable":true,"href":"https:\/\/macuicultura.webs.upv.es\/index.php?rest_route=%2Fwp%2Fv2%2Ftags&post=1271"}],"curies":[{"name":"wp","href":"https:\/\/api.w.org\/{rel}","templated":true}]}}