{"id":1279,"date":"2014-12-16T12:22:40","date_gmt":"2014-12-16T12:22:40","guid":{"rendered":"http:\/\/macuicultura.webs.upv.es\/?p=1279"},"modified":"2014-12-16T12:24:03","modified_gmt":"2014-12-16T12:24:03","slug":"i-jornada-de-humedales-valencianos","status":"publish","type":"post","link":"https:\/\/macuicultura.webs.upv.es\/?p=1279","title":{"rendered":"I Jornada de Humedales Valencianos"},"content":{"rendered":"<p>Martes 23 de Diciembre<\/p>\n<p>Sal\u00f3n de grados de la Escuela Tecnica Superior de Ingenier\u00eda Agron\u00f3mica y Medio Natural. \u00a0Edf. 3P<\/p>\n<p>UPV<\/p>\n<p class=\"p2\"><b>PROGRAMA MA\u00d1ANA <\/b><\/p>\n<p class=\"p3\"><span class=\"s2\">09.30 <\/span>Evoluci\u00f3n Hist\u00f3rica<\/p>\n<p class=\"p3\"><span class=\"s2\">10.00 <\/span>Recursos H\u00eddricos<\/p>\n<p class=\"p3\"><span class=\"s2\">10.30 <\/span>Plancton<\/p>\n<p class=\"p3\"><span class=\"s2\">11.30 <\/span>Flora y Vegetaci\u00f3n<\/p>\n<p class=\"p3\"><span class=\"s2\">12.00 <\/span>Ictio-fauna<\/p>\n<p class=\"p3\"><span class=\"s2\">12.30 <\/span>Ornito-fauna<\/p>\n<p class=\"p3\"><span class=\"s2\">13.00 <\/span>Mesa Redonda<\/p>\n<p class=\"p2\"><b>PROGRAMA TARDE <\/b><\/p>\n<p class=\"p3\"><span class=\"s2\">16.00 <\/span>EL Arroz<\/p>\n<p class=\"p3\"><span class=\"s2\">16.30 <\/span>La Pesca<\/p>\n<p class=\"p3\"><span class=\"s2\">17.00 <\/span>La Caza<\/p>\n<p class=\"p3\"><span class=\"s2\">17.30 <\/span>Turismo Zonas H\u00famedas<\/p>\n<p class=\"p3\"><span class=\"s2\">18.30 <\/span>Actuaciones y Mejoras<\/p>\n<p class=\"p3\"><span class=\"s2\">19.00 <\/span>Mesa Redonda<\/p>\n<p class=\"p3\"><span class=\"s2\">20.00 <\/span>Resumen y Conclusiones<\/p>\n<p class=\"p4\">Inscripci\u00f3n libre y gratuita (Plazas limitadas). Confirmar asistencia a <a href=\"mailto:mjover@dca.upv.es\"><span class=\"s3\">mjover@dca.upv.es <\/span><\/a>indicando: Nombre, Instituci\u00f3n o Empresa, Cargo y Correo E.<\/p>\n<p class=\"p4\">Se entregar\u00e1 un Certificado de Asistencia y un Resumen de las Ponencias.<\/p>\n<p class=\"p4\"><a href=\"https:\/\/macuicultura.webs.upv.es\/wp-content\/uploads\/2014\/12\/Diptico-Jornada-Albufera-Dic-2014.pdf\">Diptico Jornada Albufera Dic 2014<\/a><\/p>\n","protected":false},"excerpt":{"rendered":"<p>Martes 23 de Diciembre Sal\u00f3n de grados de la Escuela Tecnica Superior de Ingenier\u00eda Agron\u00f3mica y Medio Natural. \u00a0Edf. 3P UPV PROGRAMA MA\u00d1ANA 09.30 Evoluci\u00f3n Hist\u00f3rica 10.00 Recursos H\u00eddricos 10.30 Plancton 11.30 Flora y Vegetaci\u00f3n 12.00 Ictio-fauna 12.30 Ornito-fauna 13.00 &hellip;<\/p>\n<p class=\"read-more\"> <a class=\"more-link\" href=\"https:\/\/macuicultura.webs.upv.es\/?p=1279\"> <span class=\"screen-reader-text\">I Jornada de Humedales Valencianos<\/span> Read More &raquo;<\/a><\/p>\n","protected":false},"author":1,"featured_media":0,"comment_status":"closed","ping_status":"closed","sticky":false,"template":"","format":"standard","meta":{"ngg_post_thumbnail":0,"footnotes":""},"categories":[8,5],"tags":[],"class_list":["post-1279","post","type-post","status-publish","format-standard","hentry","category-conferencias","category-ultimas-noticias"],"_links":{"self":[{"href":"https:\/\/macuicultura.webs.upv.es\/index.php?rest_route=\/wp\/v2\/posts\/1279","targetHints":{"allow":["GET"]}}],"collection":[{"href":"https:\/\/macuicultura.webs.upv.es\/index.php?rest_route=\/wp\/v2\/posts"}],"about":[{"href":"https:\/\/macuicultura.webs.upv.es\/index.php?rest_route=\/wp\/v2\/types\/post"}],"author":[{"embeddable":true,"href":"https:\/\/macuicultura.webs.upv.es\/index.php?rest_route=\/wp\/v2\/users\/1"}],"replies":[{"embeddable":true,"href":"https:\/\/macuicultura.webs.upv.es\/index.php?rest_route=%2Fwp%2Fv2%2Fcomments&post=1279"}],"version-history":[{"count":2,"href":"https:\/\/macuicultura.webs.upv.es\/index.php?rest_route=\/wp\/v2\/posts\/1279\/revisions"}],"predecessor-version":[{"id":1282,"href":"https:\/\/macuicultura.webs.upv.es\/index.php?rest_route=\/wp\/v2\/posts\/1279\/revisions\/1282"}],"wp:attachment":[{"href":"https:\/\/macuicultura.webs.upv.es\/index.php?rest_route=%2Fwp%2Fv2%2Fmedia&parent=1279"}],"wp:term":[{"taxonomy":"category","embeddable":true,"href":"https:\/\/macuicultura.webs.upv.es\/index.php?rest_route=%2Fwp%2Fv2%2Fcategories&post=1279"},{"taxonomy":"post_tag","embeddable":true,"href":"https:\/\/macuicultura.webs.upv.es\/index.php?rest_route=%2Fwp%2Fv2%2Ftags&post=1279"}],"curies":[{"name":"wp","href":"https:\/\/api.w.org\/{rel}","templated":true}]}}