{"id":1618,"date":"2020-11-10T11:42:20","date_gmt":"2020-11-10T11:42:20","guid":{"rendered":"http:\/\/macuicultura.webs.upv.es\/?p=1618"},"modified":"2020-11-10T11:42:21","modified_gmt":"2020-11-10T11:42:21","slug":"acuicultura-sostenible-como-instrumento-de-desarrollo-economico","status":"publish","type":"post","link":"https:\/\/macuicultura.webs.upv.es\/?p=1618","title":{"rendered":"Acuicultura sostenible como instrumento de desarrollo econ\u00f3mico"},"content":{"rendered":"\n<p>&nbsp;<strong>El Cl\u00faster ACUIPLUS, <\/strong>en colaboraci\u00f3n con la <strong>Universidad de Santiago de Compostela<\/strong>, la <strong>Universidad de C\u00e1diz<\/strong>, la <strong>Universidad Aut\u00f3noma de Barcelona <\/strong>y el <strong>Instituto de Estudios Profesionales Acu\u00edcolas y Ambientales de Catalunya, <\/strong>organizan una jornada abierta destinada a capacitar a los participantes en los principios b\u00e1sicos de una gesti\u00f3n sostenible de la acuicultura y las implicaciones de la econom\u00eda circular en este sector.&nbsp;<\/p>\n\n\n\n<p>pod\u00e9is ver el programa en la siguiente documentaci\u00f3n:<\/p>\n\n\n\n<div class=\"wp-block-file\"><a href=\"https:\/\/macuicultura.webs.upv.es\/wp-content\/uploads\/2020\/11\/Programa-seminario-formativo-Acuicultura-sostenible-como-instrumento-de-desarrollo-econo\u0301mico.pdf\">Programa-seminario-formativo-Acuicultura-sostenible-como-instrumento-de-desarrollo-econo\u0301mico<\/a><a href=\"https:\/\/macuicultura.webs.upv.es\/wp-content\/uploads\/2020\/11\/Programa-seminario-formativo-Acuicultura-sostenible-como-instrumento-de-desarrollo-econo\u0301mico.pdf\" class=\"wp-block-file__button\" download>Download<\/a><\/div>\n","protected":false},"excerpt":{"rendered":"<p>&nbsp;El Cl\u00faster ACUIPLUS, en colaboraci\u00f3n con la Universidad de Santiago de Compostela, la Universidad de C\u00e1diz, la Universidad Aut\u00f3noma de Barcelona y el Instituto de Estudios Profesionales Acu\u00edcolas y Ambientales de Catalunya, organizan una jornada abierta destinada a capacitar a &hellip;<\/p>\n<p class=\"read-more\"> <a class=\"more-link\" href=\"https:\/\/macuicultura.webs.upv.es\/?p=1618\"> <span class=\"screen-reader-text\">Acuicultura sostenible como instrumento de desarrollo econ\u00f3mico<\/span> Read More &raquo;<\/a><\/p>\n","protected":false},"author":1,"featured_media":0,"comment_status":"closed","ping_status":"closed","sticky":false,"template":"","format":"standard","meta":{"ngg_post_thumbnail":0,"footnotes":""},"categories":[8,5],"tags":[],"class_list":["post-1618","post","type-post","status-publish","format-standard","hentry","category-conferencias","category-ultimas-noticias"],"_links":{"self":[{"href":"https:\/\/macuicultura.webs.upv.es\/index.php?rest_route=\/wp\/v2\/posts\/1618","targetHints":{"allow":["GET"]}}],"collection":[{"href":"https:\/\/macuicultura.webs.upv.es\/index.php?rest_route=\/wp\/v2\/posts"}],"about":[{"href":"https:\/\/macuicultura.webs.upv.es\/index.php?rest_route=\/wp\/v2\/types\/post"}],"author":[{"embeddable":true,"href":"https:\/\/macuicultura.webs.upv.es\/index.php?rest_route=\/wp\/v2\/users\/1"}],"replies":[{"embeddable":true,"href":"https:\/\/macuicultura.webs.upv.es\/index.php?rest_route=%2Fwp%2Fv2%2Fcomments&post=1618"}],"version-history":[{"count":1,"href":"https:\/\/macuicultura.webs.upv.es\/index.php?rest_route=\/wp\/v2\/posts\/1618\/revisions"}],"predecessor-version":[{"id":1620,"href":"https:\/\/macuicultura.webs.upv.es\/index.php?rest_route=\/wp\/v2\/posts\/1618\/revisions\/1620"}],"wp:attachment":[{"href":"https:\/\/macuicultura.webs.upv.es\/index.php?rest_route=%2Fwp%2Fv2%2Fmedia&parent=1618"}],"wp:term":[{"taxonomy":"category","embeddable":true,"href":"https:\/\/macuicultura.webs.upv.es\/index.php?rest_route=%2Fwp%2Fv2%2Fcategories&post=1618"},{"taxonomy":"post_tag","embeddable":true,"href":"https:\/\/macuicultura.webs.upv.es\/index.php?rest_route=%2Fwp%2Fv2%2Ftags&post=1618"}],"curies":[{"name":"wp","href":"https:\/\/api.w.org\/{rel}","templated":true}]}}