{"id":1680,"date":"2022-11-28T11:48:36","date_gmt":"2022-11-28T11:48:36","guid":{"rendered":"https:\/\/macuicultura.webs.upv.es\/?p=1680"},"modified":"2022-11-28T11:48:36","modified_gmt":"2022-11-28T11:48:36","slug":"30-noviembre-dia-de-la-acuicultura-2","status":"publish","type":"post","link":"https:\/\/macuicultura.webs.upv.es\/?p=1680","title":{"rendered":"30 noviembre D\u00eda de la acuicultura"},"content":{"rendered":"\n<figure class=\"wp-block-image size-full\"><img loading=\"lazy\" decoding=\"async\" width=\"900\" height=\"243\" src=\"https:\/\/macuicultura.webs.upv.es\/wp-content\/uploads\/2022\/11\/dia-de-la-acuicultura.png\" alt=\"\" class=\"wp-image-1681\" srcset=\"https:\/\/macuicultura.webs.upv.es\/wp-content\/uploads\/2022\/11\/dia-de-la-acuicultura.png 900w, https:\/\/macuicultura.webs.upv.es\/wp-content\/uploads\/2022\/11\/dia-de-la-acuicultura-300x81.png 300w, https:\/\/macuicultura.webs.upv.es\/wp-content\/uploads\/2022\/11\/dia-de-la-acuicultura-768x207.png 768w, https:\/\/macuicultura.webs.upv.es\/wp-content\/uploads\/2022\/11\/dia-de-la-acuicultura-100x27.png 100w, https:\/\/macuicultura.webs.upv.es\/wp-content\/uploads\/2022\/11\/dia-de-la-acuicultura-150x41.png 150w, https:\/\/macuicultura.webs.upv.es\/wp-content\/uploads\/2022\/11\/dia-de-la-acuicultura-200x54.png 200w, https:\/\/macuicultura.webs.upv.es\/wp-content\/uploads\/2022\/11\/dia-de-la-acuicultura-450x122.png 450w, https:\/\/macuicultura.webs.upv.es\/wp-content\/uploads\/2022\/11\/dia-de-la-acuicultura-600x162.png 600w\" sizes=\"auto, (max-width: 900px) 100vw, 900px\" \/><\/figure>\n\n\n\n<p>El pr\u00f3ximo 30 de noviembre tendr\u00e1 lugar el d\u00eda de la acuicultura y el Master Interuniversitario en Acuicultura UPV-UV-IATS lo celebrar\u00e1 con unas jornadas con charlas de ex-alumnos del M\u00e1ster, seguidas de una desgutaci\u00f3n de platos de acuicultura elaborados por profesores y alumnos del master. La Jornada ser\u00e1 en el seminario de Zoolog\u00eda, en el segundo piso del edificio B del Campus de Burjassot.<\/p>\n\n\n\n<p>A las 11 empezar\u00e1n las charlas de:<br>\u00b7Antonio de las Hoces de Culmarex<br>\u00b7Josep Mori\u00f1igo de Bersolaz<br>\u00b7Alejandro Lopez de la UV<br>\u00b7Sara Ferrando de la UPV<br><\/p>\n\n\n\n<p>A las 13 degustaci\u00f3n.<\/p>\n\n\n\n<p><\/p>\n","protected":false},"excerpt":{"rendered":"<p>El pr\u00f3ximo 30 de noviembre tendr\u00e1 lugar el d\u00eda de la acuicultura y el Master Interuniversitario en Acuicultura UPV-UV-IATS lo celebrar\u00e1 con unas jornadas con charlas de ex-alumnos del M\u00e1ster, seguidas de una desgutaci\u00f3n de platos de acuicultura elaborados por &hellip;<\/p>\n<p class=\"read-more\"> <a class=\"more-link\" href=\"https:\/\/macuicultura.webs.upv.es\/?p=1680\"> <span class=\"screen-reader-text\">30 noviembre D\u00eda de la acuicultura<\/span> Read More &raquo;<\/a><\/p>\n","protected":false},"author":1,"featured_media":0,"comment_status":"closed","ping_status":"closed","sticky":false,"template":"","format":"standard","meta":{"ngg_post_thumbnail":0,"footnotes":""},"categories":[8,5],"tags":[],"class_list":["post-1680","post","type-post","status-publish","format-standard","hentry","category-conferencias","category-ultimas-noticias"],"_links":{"self":[{"href":"https:\/\/macuicultura.webs.upv.es\/index.php?rest_route=\/wp\/v2\/posts\/1680","targetHints":{"allow":["GET"]}}],"collection":[{"href":"https:\/\/macuicultura.webs.upv.es\/index.php?rest_route=\/wp\/v2\/posts"}],"about":[{"href":"https:\/\/macuicultura.webs.upv.es\/index.php?rest_route=\/wp\/v2\/types\/post"}],"author":[{"embeddable":true,"href":"https:\/\/macuicultura.webs.upv.es\/index.php?rest_route=\/wp\/v2\/users\/1"}],"replies":[{"embeddable":true,"href":"https:\/\/macuicultura.webs.upv.es\/index.php?rest_route=%2Fwp%2Fv2%2Fcomments&post=1680"}],"version-history":[{"count":1,"href":"https:\/\/macuicultura.webs.upv.es\/index.php?rest_route=\/wp\/v2\/posts\/1680\/revisions"}],"predecessor-version":[{"id":1682,"href":"https:\/\/macuicultura.webs.upv.es\/index.php?rest_route=\/wp\/v2\/posts\/1680\/revisions\/1682"}],"wp:attachment":[{"href":"https:\/\/macuicultura.webs.upv.es\/index.php?rest_route=%2Fwp%2Fv2%2Fmedia&parent=1680"}],"wp:term":[{"taxonomy":"category","embeddable":true,"href":"https:\/\/macuicultura.webs.upv.es\/index.php?rest_route=%2Fwp%2Fv2%2Fcategories&post=1680"},{"taxonomy":"post_tag","embeddable":true,"href":"https:\/\/macuicultura.webs.upv.es\/index.php?rest_route=%2Fwp%2Fv2%2Ftags&post=1680"}],"curies":[{"name":"wp","href":"https:\/\/api.w.org\/{rel}","templated":true}]}}